{"id":2461,"date":"2014-02-16T17:22:09","date_gmt":"2014-02-16T16:22:09","guid":{"rendered":"https:\/\/ros.a-rt.ch\/?p=2461"},"modified":"2020-07-18T19:22:10","modified_gmt":"2020-07-18T18:22:10","slug":"5uenfstern-offene-kuenstlerateliers-2014","status":"publish","type":"post","link":"https:\/\/ros.a-rt.ch\/?p=2461","title":{"rendered":"5\u00fcnfstern offene K\u00fcnstlerateliers 2014"},"content":{"rendered":"<p style=\"text-align: left;\"><strong>HERZLICHE EINLADUNG ZUM<\/strong><\/p>\n<p style=\"text-align: left;\"><strong style=\"line-height: 1.5em;\">EIN (-) BLICK<\/strong><\/p>\n<p style=\"text-align: left;\"><strong>IN MEINEM ATELIER IN EBNAT-KAPPEL &nbsp; <\/strong><\/p>\n<p style=\"text-align: left;\"><strong>&nbsp;&nbsp;<\/strong><\/p>\n\n\t\t<style type=\"text\/css\">\n\t\t\t#gallery-1 {\n\t\t\t\tmargin: auto;\n\t\t\t}\n\t\t\t#gallery-1 .gallery-item {\n\t\t\t\tfloat: left;\n\t\t\t\tmargin-top: 10px;\n\t\t\t\ttext-align: center;\n\t\t\t\twidth: 33%;\n\t\t\t}\n\t\t\t#gallery-1 img {\n\t\t\t\tborder: 2px solid #cfcfcf;\n\t\t\t}\n\t\t\t#gallery-1 .gallery-caption {\n\t\t\t\tmargin-left: 0;\n\t\t\t}\n\t\t\t\/* see gallery_shortcode() in wp-includes\/media.php *\/\n\t\t<\/style>\n\t\t<div id='gallery-1' class='gallery galleryid-2461 gallery-columns-3 gallery-size-thumbnail'><dl class='gallery-item'>\n\t\t\t<dt class='gallery-icon portrait'>\n\t\t\t\t<a href='https:\/\/ros.a-rt.ch\/wp-content\/uploads\/2014\/02\/PICT0015.jpg'><img loading=\"lazy\" decoding=\"async\" width=\"150\" height=\"150\" src=\"https:\/\/ros.a-rt.ch\/wp-content\/uploads\/2014\/02\/PICT0015-150x150.jpg\" class=\"attachment-thumbnail size-thumbnail\" alt=\"\" \/><\/a>\n\t\t\t<\/dt><\/dl><dl class='gallery-item'>\n\t\t\t<dt class='gallery-icon landscape'>\n\t\t\t\t<a href='https:\/\/ros.a-rt.ch\/wp-content\/uploads\/2014\/02\/PICT0016.jpg'><img loading=\"lazy\" decoding=\"async\" width=\"150\" height=\"150\" src=\"https:\/\/ros.a-rt.ch\/wp-content\/uploads\/2014\/02\/PICT0016-150x150.jpg\" class=\"attachment-thumbnail size-thumbnail\" alt=\"\" \/><\/a>\n\t\t\t<\/dt><\/dl><dl class='gallery-item'>\n\t\t\t<dt class='gallery-icon landscape'>\n\t\t\t\t<a href='https:\/\/ros.a-rt.ch\/wp-content\/uploads\/2014\/02\/PICT00231.jpg'><img loading=\"lazy\" decoding=\"async\" width=\"150\" height=\"150\" src=\"https:\/\/ros.a-rt.ch\/wp-content\/uploads\/2014\/02\/PICT00231-150x150.jpg\" class=\"attachment-thumbnail size-thumbnail\" alt=\"\" \/><\/a>\n\t\t\t<\/dt><\/dl><br style=\"clear: both\" \/>\n\t\t<\/div>\n\n<p style=\"text-align: left;\"><strong>Samstag, 22. M\u00e4rz 2014, 12 &#8211; 19 Uhr<\/strong><\/p>\n<p style=\"text-align: left;\"><strong>Sonntag, 23. M\u00e4rz 2014, 11 &#8211; 17 Uhr <\/strong><\/p>\n<p>&nbsp;<\/p>\n<p><strong style=\"text-align: center; line-height: 1.5em;\">ICH FREUE MICH AUF ZAHLREICHE BESUCHE ! &nbsp;<\/strong><\/p>\n<p><strong>&nbsp;<\/strong><\/p>\n<p><strong style=\"line-height: 1.5em;\">Zeit haben,&nbsp;<\/strong><\/p>\n<p><strong>Einblick nehmen, &nbsp;<\/strong><\/p>\n<p><strong>selber machen, &nbsp;<\/strong><\/p>\n<p><strong>sich bei Getr\u00e4nk und Imbiss &nbsp;<\/strong><\/p>\n<p><strong>unterhalten.<\/strong><\/p>\n<p>&nbsp;<\/p>\n<p>Mein Atelier an der Steinfelsstrasse 7, in Ebnat-Kappel,<\/p>\n<p>ist im 3. Haus links nach der Kirche, ca. 5 Minuten vom Bahnhof entfernt.<\/p>\n<p>Vom Bahnhof der Hauptstrasse Richtung Krummenau<\/p>\n<p>bis zur Kirche folgen. Dort links in die Steinfelsstrasse abbiegen.<\/p>\n<p>Parkpl\u00e4tze bitte entlang der Strasse zwischen Bahnhof und Kirche benutzen.<\/p>\n<p>Mit dem Bus von Wattwil bis zur Haltestelle M\u00fchlau,<\/p>\n<p>dann ein paar Schritte zur\u00fcck und rechts in die Steinfelsstrasse gehen.<\/p>\n<p>&nbsp;<\/p>\n<p><strong>GERNE EMPFEHLE ICH IHNEN AUCH DEN BESUCH DES OFFENEN ATELIERS<\/strong><\/p>\n<p><strong>VON HELEN LANG &#8211; KOBELT, GANZ IN DER N\u00c4HE, AM STUDENWEG&nbsp;<\/strong><b>&nbsp;10. &nbsp;<\/b><\/p>\n<p>&nbsp;<\/p>\n<p>300 Ostschweizer K\u00fcnstlerInnen \u00f6ffnen&nbsp;im M\u00e4rz 2014 ihre Ateliers.<\/p>\n<p>Der Anlass findet alle 3 Jahre statt &#8211;&nbsp;und dies nun zum 3. Mal.<\/p>\n<p>Adressen und Pl\u00e4ne der teilnehmenden&nbsp;K\u00fcnstlerinnen und K\u00fcnstler,<\/p>\n<p>sowie alle Veranstaltungen im Zusammenhang mit 5\u00fcnfstern<\/p>\n<p>sind&nbsp;in der Zeitungsbeilage &nbsp;des Tagblatts vom 15. Febr. 2014&nbsp;ersichtlich<\/p>\n<p>oder abrufbar unter:<\/p>\n<p><strong>www.fuenfstern.com &nbsp;<\/strong><\/p>\n<p>&nbsp;<\/p>\n<p><strong>VERNISSAGE DER INTERAKTIVEN PR\u00c4SENTATION<\/strong>:<\/p>\n<p><strong>Samstag, 22. Februar 2014, 18 Uhr &nbsp;<\/strong><\/p>\n<p><strong>Galerie im Bahnhof, Klubschule Migros St. Gallen &nbsp;<\/strong><\/p>\n<p><strong>&nbsp;<\/strong><\/p>\n","protected":false},"excerpt":{"rendered":"<p>HERZLICHE EINLADUNG ZUM EIN (-) BLICK IN MEINEM ATELIER IN EBNAT-KAPPEL &nbsp; &nbsp;&nbsp; Samstag, 22. M\u00e4rz 2014, 12 &#8211; 19 Uhr Sonntag, 23. M\u00e4rz 2014, 11 &#8211; 17 Uhr &nbsp; ICH FREUE MICH AUF ZAHLREICHE BESUCHE ! &nbsp; &nbsp; Zeit haben,&nbsp; Einblick nehmen, &nbsp; selber machen, &nbsp; sich bei Getr\u00e4nk und Imbiss &nbsp; unterhalten. &nbsp; <a class=\"more-link\" href=\"https:\/\/ros.a-rt.ch\/?p=2461\">Weiterlesen&#8230;<\/a><\/p>\n","protected":false},"author":3,"featured_media":0,"comment_status":"closed","ping_status":"closed","sticky":false,"template":"","format":"standard","meta":{"footnotes":""},"categories":[37],"tags":[],"class_list":["post-2461","post","type-post","status-publish","format-standard","hentry","category-aktuelles"],"_links":{"self":[{"href":"https:\/\/ros.a-rt.ch\/index.php?rest_route=\/wp\/v2\/posts\/2461","targetHints":{"allow":["GET"]}}],"collection":[{"href":"https:\/\/ros.a-rt.ch\/index.php?rest_route=\/wp\/v2\/posts"}],"about":[{"href":"https:\/\/ros.a-rt.ch\/index.php?rest_route=\/wp\/v2\/types\/post"}],"author":[{"embeddable":true,"href":"https:\/\/ros.a-rt.ch\/index.php?rest_route=\/wp\/v2\/users\/3"}],"replies":[{"embeddable":true,"href":"https:\/\/ros.a-rt.ch\/index.php?rest_route=%2Fwp%2Fv2%2Fcomments&post=2461"}],"version-history":[{"count":19,"href":"https:\/\/ros.a-rt.ch\/index.php?rest_route=\/wp\/v2\/posts\/2461\/revisions"}],"predecessor-version":[{"id":4374,"href":"https:\/\/ros.a-rt.ch\/index.php?rest_route=\/wp\/v2\/posts\/2461\/revisions\/4374"}],"wp:attachment":[{"href":"https:\/\/ros.a-rt.ch\/index.php?rest_route=%2Fwp%2Fv2%2Fmedia&parent=2461"}],"wp:term":[{"taxonomy":"category","embeddable":true,"href":"https:\/\/ros.a-rt.ch\/index.php?rest_route=%2Fwp%2Fv2%2Fcategories&post=2461"},{"taxonomy":"post_tag","embeddable":true,"href":"https:\/\/ros.a-rt.ch\/index.php?rest_route=%2Fwp%2Fv2%2Ftags&post=2461"}],"curies":[{"name":"wp","href":"https:\/\/api.w.org\/{rel}","templated":true}]}}