{"id":2783,"date":"2014-12-15T19:32:58","date_gmt":"2014-12-15T18:32:58","guid":{"rendered":"https:\/\/ros.a-rt.ch\/?p=2783"},"modified":"2020-07-18T19:09:58","modified_gmt":"2020-07-18T18:09:58","slug":"kunst-vermittlung","status":"publish","type":"post","link":"https:\/\/ros.a-rt.ch\/?p=2783","title":{"rendered":"Kunst- Vermittlung"},"content":{"rendered":"<p><strong>DIE KUNST IST EINE VERMITTLERIN DES UNAUSSPRECHLICHEN&nbsp;<\/strong>(Goethe)<\/p>\n<p>&nbsp;<\/p>\n\n\t\t<style type=\"text\/css\">\n\t\t\t#gallery-1 {\n\t\t\t\tmargin: auto;\n\t\t\t}\n\t\t\t#gallery-1 .gallery-item {\n\t\t\t\tfloat: left;\n\t\t\t\tmargin-top: 10px;\n\t\t\t\ttext-align: center;\n\t\t\t\twidth: 33%;\n\t\t\t}\n\t\t\t#gallery-1 img {\n\t\t\t\tborder: 2px solid #cfcfcf;\n\t\t\t}\n\t\t\t#gallery-1 .gallery-caption {\n\t\t\t\tmargin-left: 0;\n\t\t\t}\n\t\t\t\/* see gallery_shortcode() in wp-includes\/media.php *\/\n\t\t<\/style>\n\t\t<div id='gallery-1' class='gallery galleryid-2783 gallery-columns-3 gallery-size-thumbnail'><dl class='gallery-item'>\n\t\t\t<dt class='gallery-icon landscape'>\n\t\t\t\t<a href='https:\/\/ros.a-rt.ch\/wp-content\/uploads\/2014\/12\/PICT0009.jpg'><img loading=\"lazy\" decoding=\"async\" width=\"150\" height=\"150\" src=\"https:\/\/ros.a-rt.ch\/wp-content\/uploads\/2014\/12\/PICT0009-150x150.jpg\" class=\"attachment-thumbnail size-thumbnail\" alt=\"\" \/><\/a>\n\t\t\t<\/dt><\/dl><dl class='gallery-item'>\n\t\t\t<dt class='gallery-icon landscape'>\n\t\t\t\t<a href='https:\/\/ros.a-rt.ch\/wp-content\/uploads\/2014\/12\/PICT0010.jpg'><img loading=\"lazy\" decoding=\"async\" width=\"150\" height=\"150\" src=\"https:\/\/ros.a-rt.ch\/wp-content\/uploads\/2014\/12\/PICT0010-150x150.jpg\" class=\"attachment-thumbnail size-thumbnail\" alt=\"\" srcset=\"https:\/\/ros.a-rt.ch\/wp-content\/uploads\/2014\/12\/PICT0010-150x150.jpg 150w, https:\/\/ros.a-rt.ch\/wp-content\/uploads\/2014\/12\/PICT0010-300x300.jpg 300w, https:\/\/ros.a-rt.ch\/wp-content\/uploads\/2014\/12\/PICT0010-1024x1024.jpg 1024w, https:\/\/ros.a-rt.ch\/wp-content\/uploads\/2014\/12\/PICT0010.jpg 1993w\" sizes=\"auto, (max-width: 150px) 100vw, 150px\" \/><\/a>\n\t\t\t<\/dt><\/dl><dl class='gallery-item'>\n\t\t\t<dt class='gallery-icon landscape'>\n\t\t\t\t<a href='https:\/\/ros.a-rt.ch\/wp-content\/uploads\/2014\/12\/PICT0008.jpg'><img loading=\"lazy\" decoding=\"async\" width=\"150\" height=\"150\" src=\"https:\/\/ros.a-rt.ch\/wp-content\/uploads\/2014\/12\/PICT0008-150x150.jpg\" class=\"attachment-thumbnail size-thumbnail\" alt=\"\" srcset=\"https:\/\/ros.a-rt.ch\/wp-content\/uploads\/2014\/12\/PICT0008-150x150.jpg 150w, https:\/\/ros.a-rt.ch\/wp-content\/uploads\/2014\/12\/PICT0008-300x300.jpg 300w, https:\/\/ros.a-rt.ch\/wp-content\/uploads\/2014\/12\/PICT0008-1024x1021.jpg 1024w, https:\/\/ros.a-rt.ch\/wp-content\/uploads\/2014\/12\/PICT0008.jpg 1794w\" sizes=\"auto, (max-width: 150px) 100vw, 150px\" \/><\/a>\n\t\t\t<\/dt><\/dl><br style=\"clear: both\" \/>\n\t\t<\/div>\n\n<p>&nbsp;<\/p>\n<p>F\u00fcr meine Jahreskarte habe ich dieses Zitat von Goethe gew\u00e4hlt.<\/p>\n<p>Oft stehe ich vor der Frage, welche Erkl\u00e4rungen ich habe<\/p>\n<p>zu meinen Bildern und Objekten.<\/p>\n<p>Braucht es Worte, um der Betrachterin und dem Betrachter<\/p>\n<p>einen besseren Zugang zu den Werken zu erm\u00f6glichen?<\/p>\n<p>Und wieviele S\u00e4tze sollen rund um ein Bild gesprochen werden?<\/p>\n<p>Welche Geschichten sollen dabei erz\u00e4hlt werden?<\/p>\n<p>&nbsp;<\/p>\n\n\t\t<style type=\"text\/css\">\n\t\t\t#gallery-2 {\n\t\t\t\tmargin: auto;\n\t\t\t}\n\t\t\t#gallery-2 .gallery-item {\n\t\t\t\tfloat: left;\n\t\t\t\tmargin-top: 10px;\n\t\t\t\ttext-align: center;\n\t\t\t\twidth: 33%;\n\t\t\t}\n\t\t\t#gallery-2 img {\n\t\t\t\tborder: 2px solid #cfcfcf;\n\t\t\t}\n\t\t\t#gallery-2 .gallery-caption {\n\t\t\t\tmargin-left: 0;\n\t\t\t}\n\t\t\t\/* see gallery_shortcode() in wp-includes\/media.php *\/\n\t\t<\/style>\n\t\t<div id='gallery-2' class='gallery galleryid-2783 gallery-columns-3 gallery-size-thumbnail'><dl class='gallery-item'>\n\t\t\t<dt class='gallery-icon landscape'>\n\t\t\t\t<a href='https:\/\/ros.a-rt.ch\/wp-content\/uploads\/2014\/12\/PICT0018.jpg'><img loading=\"lazy\" decoding=\"async\" width=\"150\" height=\"150\" src=\"https:\/\/ros.a-rt.ch\/wp-content\/uploads\/2014\/12\/PICT0018-150x150.jpg\" class=\"attachment-thumbnail size-thumbnail\" alt=\"\" srcset=\"https:\/\/ros.a-rt.ch\/wp-content\/uploads\/2014\/12\/PICT0018-150x150.jpg 150w, https:\/\/ros.a-rt.ch\/wp-content\/uploads\/2014\/12\/PICT0018-300x300.jpg 300w, https:\/\/ros.a-rt.ch\/wp-content\/uploads\/2014\/12\/PICT0018-1024x1024.jpg 1024w, https:\/\/ros.a-rt.ch\/wp-content\/uploads\/2014\/12\/PICT0018.jpg 2000w\" sizes=\"auto, (max-width: 150px) 100vw, 150px\" \/><\/a>\n\t\t\t<\/dt><\/dl><dl class='gallery-item'>\n\t\t\t<dt class='gallery-icon landscape'>\n\t\t\t\t<a href='https:\/\/ros.a-rt.ch\/wp-content\/uploads\/2014\/12\/PICT00111.jpg'><img loading=\"lazy\" decoding=\"async\" width=\"150\" height=\"150\" src=\"https:\/\/ros.a-rt.ch\/wp-content\/uploads\/2014\/12\/PICT00111-150x150.jpg\" class=\"attachment-thumbnail size-thumbnail\" alt=\"\" srcset=\"https:\/\/ros.a-rt.ch\/wp-content\/uploads\/2014\/12\/PICT00111-150x150.jpg 150w, https:\/\/ros.a-rt.ch\/wp-content\/uploads\/2014\/12\/PICT00111-300x300.jpg 300w, https:\/\/ros.a-rt.ch\/wp-content\/uploads\/2014\/12\/PICT00111-1024x1024.jpg 1024w, https:\/\/ros.a-rt.ch\/wp-content\/uploads\/2014\/12\/PICT00111.jpg 2000w\" sizes=\"auto, (max-width: 150px) 100vw, 150px\" \/><\/a>\n\t\t\t<\/dt><\/dl><dl class='gallery-item'>\n\t\t\t<dt class='gallery-icon landscape'>\n\t\t\t\t<a href='https:\/\/ros.a-rt.ch\/wp-content\/uploads\/2014\/12\/PICT0016.jpg'><img loading=\"lazy\" decoding=\"async\" width=\"150\" height=\"150\" src=\"https:\/\/ros.a-rt.ch\/wp-content\/uploads\/2014\/12\/PICT0016-150x150.jpg\" class=\"attachment-thumbnail size-thumbnail\" alt=\"\" srcset=\"https:\/\/ros.a-rt.ch\/wp-content\/uploads\/2014\/12\/PICT0016-150x150.jpg 150w, https:\/\/ros.a-rt.ch\/wp-content\/uploads\/2014\/12\/PICT0016-300x300.jpg 300w, https:\/\/ros.a-rt.ch\/wp-content\/uploads\/2014\/12\/PICT0016-1024x1024.jpg 1024w, https:\/\/ros.a-rt.ch\/wp-content\/uploads\/2014\/12\/PICT0016.jpg 2000w\" sizes=\"auto, (max-width: 150px) 100vw, 150px\" \/><\/a>\n\t\t\t<\/dt><\/dl><br style=\"clear: both\" \/>\n\t\t<\/div>\n\n<p>&nbsp;<\/p>\n<p>Es gibt eine Geschichte vom Komponisten Gustav Mahler:<\/p>\n<p>Mahler soll am Beenden einer Komposition gewesen sein.<\/p>\n<p>W\u00e4hrend er das St\u00fcck auf dem Piano spielte,<\/p>\n<p>trat ein Sch\u00fcler in das Zimmer und h\u00f6rte ruhig zu.<\/p>\n<p>Als Mahler geendet hatte, sagte der Sch\u00fcler:<\/p>\n<p>&#8222;Maestro, das ist wunderbar! Worum geht es in dieser Musik?&#8220;<\/p>\n<p>Mahler drehte sich zu ihm um und antwortete:<\/p>\n<p>&#8222;Darum geht es.&#8220;<\/p>\n<p>Und er spielte das gleiche St\u00fcck nochmals.<\/p>\n<p>&nbsp;<\/p>\n\n\t\t<style type=\"text\/css\">\n\t\t\t#gallery-3 {\n\t\t\t\tmargin: auto;\n\t\t\t}\n\t\t\t#gallery-3 .gallery-item {\n\t\t\t\tfloat: left;\n\t\t\t\tmargin-top: 10px;\n\t\t\t\ttext-align: center;\n\t\t\t\twidth: 33%;\n\t\t\t}\n\t\t\t#gallery-3 img {\n\t\t\t\tborder: 2px solid #cfcfcf;\n\t\t\t}\n\t\t\t#gallery-3 .gallery-caption {\n\t\t\t\tmargin-left: 0;\n\t\t\t}\n\t\t\t\/* see gallery_shortcode() in wp-includes\/media.php *\/\n\t\t<\/style>\n\t\t<div id='gallery-3' class='gallery galleryid-2783 gallery-columns-3 gallery-size-thumbnail'><dl class='gallery-item'>\n\t\t\t<dt class='gallery-icon landscape'>\n\t\t\t\t<a href='https:\/\/ros.a-rt.ch\/wp-content\/uploads\/2014\/12\/PICT00102.jpg'><img loading=\"lazy\" decoding=\"async\" width=\"150\" height=\"150\" src=\"https:\/\/ros.a-rt.ch\/wp-content\/uploads\/2014\/12\/PICT00102-150x150.jpg\" class=\"attachment-thumbnail size-thumbnail\" alt=\"\" srcset=\"https:\/\/ros.a-rt.ch\/wp-content\/uploads\/2014\/12\/PICT00102-150x150.jpg 150w, https:\/\/ros.a-rt.ch\/wp-content\/uploads\/2014\/12\/PICT00102-300x300.jpg 300w, https:\/\/ros.a-rt.ch\/wp-content\/uploads\/2014\/12\/PICT00102-1024x1024.jpg 1024w, https:\/\/ros.a-rt.ch\/wp-content\/uploads\/2014\/12\/PICT00102.jpg 2000w\" sizes=\"auto, (max-width: 150px) 100vw, 150px\" \/><\/a>\n\t\t\t<\/dt><\/dl><dl class='gallery-item'>\n\t\t\t<dt class='gallery-icon landscape'>\n\t\t\t\t<a href='https:\/\/ros.a-rt.ch\/wp-content\/uploads\/2014\/12\/PICT00081.jpg'><img loading=\"lazy\" decoding=\"async\" width=\"150\" height=\"150\" src=\"https:\/\/ros.a-rt.ch\/wp-content\/uploads\/2014\/12\/PICT00081-150x150.jpg\" class=\"attachment-thumbnail size-thumbnail\" alt=\"\" srcset=\"https:\/\/ros.a-rt.ch\/wp-content\/uploads\/2014\/12\/PICT00081-150x150.jpg 150w, https:\/\/ros.a-rt.ch\/wp-content\/uploads\/2014\/12\/PICT00081-300x300.jpg 300w, https:\/\/ros.a-rt.ch\/wp-content\/uploads\/2014\/12\/PICT00081-1024x1024.jpg 1024w, https:\/\/ros.a-rt.ch\/wp-content\/uploads\/2014\/12\/PICT00081.jpg 2000w\" sizes=\"auto, (max-width: 150px) 100vw, 150px\" \/><\/a>\n\t\t\t<\/dt><\/dl><dl class='gallery-item'>\n\t\t\t<dt class='gallery-icon landscape'>\n\t\t\t\t<a href='https:\/\/ros.a-rt.ch\/wp-content\/uploads\/2014\/12\/PICT0007.jpg'><img loading=\"lazy\" decoding=\"async\" width=\"150\" height=\"150\" src=\"https:\/\/ros.a-rt.ch\/wp-content\/uploads\/2014\/12\/PICT0007-150x150.jpg\" class=\"attachment-thumbnail size-thumbnail\" alt=\"\" srcset=\"https:\/\/ros.a-rt.ch\/wp-content\/uploads\/2014\/12\/PICT0007-150x150.jpg 150w, https:\/\/ros.a-rt.ch\/wp-content\/uploads\/2014\/12\/PICT0007-300x300.jpg 300w, https:\/\/ros.a-rt.ch\/wp-content\/uploads\/2014\/12\/PICT0007-1024x1024.jpg 1024w, https:\/\/ros.a-rt.ch\/wp-content\/uploads\/2014\/12\/PICT0007.jpg 2000w\" sizes=\"auto, (max-width: 150px) 100vw, 150px\" \/><\/a>\n\t\t\t<\/dt><\/dl><br style=\"clear: both\" \/>\n\t\t<\/div>\n\n<p>&nbsp;<\/p>\n<p>Meine Ideen und Gedanken sind in Bildern und Objekten ausgedr\u00fcckt,<\/p>\n<p>weil ich sie nicht in Worte, S\u00e4tze, Geschichten &nbsp;fassen kann.<\/p>\n<p>&nbsp;<\/p>\n<p>Gerne aber komme ich mit Ihnen, die sich meine Werke ansehen,<\/p>\n<p>ins Gespr\u00e4ch und in einen Gedankenaustausch!<\/p>\n<p>Damit w\u00fcnsche ich Ihnen allen sch\u00f6ne Festtage.<\/p>\n<p>&nbsp;<\/p>\n<p>&nbsp;<\/p>\n<p>&nbsp;<\/p>\n<p>&nbsp;<\/p>\n<p>&nbsp;<\/p>\n<p>&nbsp;<\/p>\n","protected":false},"excerpt":{"rendered":"<p>DIE KUNST IST EINE VERMITTLERIN DES UNAUSSPRECHLICHEN&nbsp;(Goethe) &nbsp; &nbsp; F\u00fcr meine Jahreskarte habe ich dieses Zitat von Goethe gew\u00e4hlt. Oft stehe ich vor der Frage, welche Erkl\u00e4rungen ich habe zu meinen Bildern und Objekten. Braucht es Worte, um der Betrachterin und dem Betrachter einen besseren Zugang zu den Werken zu erm\u00f6glichen? Und wieviele S\u00e4tze sollen <a class=\"more-link\" href=\"https:\/\/ros.a-rt.ch\/?p=2783\">Weiterlesen&#8230;<\/a><\/p>\n","protected":false},"author":3,"featured_media":0,"comment_status":"closed","ping_status":"closed","sticky":false,"template":"","format":"standard","meta":{"footnotes":""},"categories":[37],"tags":[],"class_list":["post-2783","post","type-post","status-publish","format-standard","hentry","category-aktuelles"],"_links":{"self":[{"href":"https:\/\/ros.a-rt.ch\/index.php?rest_route=\/wp\/v2\/posts\/2783","targetHints":{"allow":["GET"]}}],"collection":[{"href":"https:\/\/ros.a-rt.ch\/index.php?rest_route=\/wp\/v2\/posts"}],"about":[{"href":"https:\/\/ros.a-rt.ch\/index.php?rest_route=\/wp\/v2\/types\/post"}],"author":[{"embeddable":true,"href":"https:\/\/ros.a-rt.ch\/index.php?rest_route=\/wp\/v2\/users\/3"}],"replies":[{"embeddable":true,"href":"https:\/\/ros.a-rt.ch\/index.php?rest_route=%2Fwp%2Fv2%2Fcomments&post=2783"}],"version-history":[{"count":6,"href":"https:\/\/ros.a-rt.ch\/index.php?rest_route=\/wp\/v2\/posts\/2783\/revisions"}],"predecessor-version":[{"id":4367,"href":"https:\/\/ros.a-rt.ch\/index.php?rest_route=\/wp\/v2\/posts\/2783\/revisions\/4367"}],"wp:attachment":[{"href":"https:\/\/ros.a-rt.ch\/index.php?rest_route=%2Fwp%2Fv2%2Fmedia&parent=2783"}],"wp:term":[{"taxonomy":"category","embeddable":true,"href":"https:\/\/ros.a-rt.ch\/index.php?rest_route=%2Fwp%2Fv2%2Fcategories&post=2783"},{"taxonomy":"post_tag","embeddable":true,"href":"https:\/\/ros.a-rt.ch\/index.php?rest_route=%2Fwp%2Fv2%2Ftags&post=2783"}],"curies":[{"name":"wp","href":"https:\/\/api.w.org\/{rel}","templated":true}]}}