{"id":2840,"date":"2015-03-04T20:56:43","date_gmt":"2015-03-04T19:56:43","guid":{"rendered":"https:\/\/ros.a-rt.ch\/?p=2840"},"modified":"2020-07-06T09:42:31","modified_gmt":"2020-07-06T08:42:31","slug":"farben-sammeln","status":"publish","type":"post","link":"https:\/\/ros.a-rt.ch\/?p=2840","title":{"rendered":"Farben sammeln"},"content":{"rendered":"<p>Farben und ihre Wirkung sind ganz zentral<\/p>\n<p>f\u00fcr die Ausdruckskraft eines Bildes.<\/p>\n<p>Deshalb ist\u00a0das &#8222;Sammeln&#8220; von Farben<\/p>\n<p>eine wiederkehrende Besch\u00e4ftigung.<\/p>\n<p>Neben Da-sein und Wahrnehmen und Staunen,<\/p>\n<p>gibt es die aktivere Form dieses Sammelns:<\/p>\n\n\t\t<style type=\"text\/css\">\n\t\t\t#gallery-1 {\n\t\t\t\tmargin: auto;\n\t\t\t}\n\t\t\t#gallery-1 .gallery-item {\n\t\t\t\tfloat: left;\n\t\t\t\tmargin-top: 10px;\n\t\t\t\ttext-align: center;\n\t\t\t\twidth: 33%;\n\t\t\t}\n\t\t\t#gallery-1 img {\n\t\t\t\tborder: 2px solid #cfcfcf;\n\t\t\t}\n\t\t\t#gallery-1 .gallery-caption {\n\t\t\t\tmargin-left: 0;\n\t\t\t}\n\t\t\t\/* see gallery_shortcode() in wp-includes\/media.php *\/\n\t\t<\/style>\n\t\t<div id='gallery-1' class='gallery galleryid-2840 gallery-columns-3 gallery-size-thumbnail'><dl class='gallery-item'>\n\t\t\t<dt class='gallery-icon landscape'>\n\t\t\t\t<a href='https:\/\/ros.a-rt.ch\/wp-content\/uploads\/2015\/03\/PICT0020.jpg'><img loading=\"lazy\" decoding=\"async\" width=\"150\" height=\"150\" src=\"https:\/\/ros.a-rt.ch\/wp-content\/uploads\/2015\/03\/PICT0020-150x150.jpg\" class=\"attachment-thumbnail size-thumbnail\" alt=\"\" \/><\/a>\n\t\t\t<\/dt><\/dl><dl class='gallery-item'>\n\t\t\t<dt class='gallery-icon landscape'>\n\t\t\t\t<a href='https:\/\/ros.a-rt.ch\/wp-content\/uploads\/2015\/03\/PICT0021.jpg'><img loading=\"lazy\" decoding=\"async\" width=\"150\" height=\"150\" src=\"https:\/\/ros.a-rt.ch\/wp-content\/uploads\/2015\/03\/PICT0021-150x150.jpg\" class=\"attachment-thumbnail size-thumbnail\" alt=\"\" \/><\/a>\n\t\t\t<\/dt><\/dl><dl class='gallery-item'>\n\t\t\t<dt class='gallery-icon landscape'>\n\t\t\t\t<a href='https:\/\/ros.a-rt.ch\/wp-content\/uploads\/2015\/03\/PICT0022.jpg'><img loading=\"lazy\" decoding=\"async\" width=\"150\" height=\"150\" src=\"https:\/\/ros.a-rt.ch\/wp-content\/uploads\/2015\/03\/PICT0022-150x150.jpg\" class=\"attachment-thumbnail size-thumbnail\" alt=\"\" \/><\/a>\n\t\t\t<\/dt><\/dl><br style=\"clear: both\" \/>\n\t\t<\/div>\n\n<p>Eine Gegend erkunden, auf einer Reise eine Landschaft erfassen,<\/p>\n<p>indem ich Erde, Steine, Sand suche.<\/p>\n<p>Erde und Sand lassen sich\u00a0mit Bindemittel im Skizzenbuch schnell<\/p>\n<p>zu einem Farbklang zusammenstellen.<\/p>\n<p>Die in T\u00fcten gesammelten Kostbarkeiten<\/p>\n<p>werden im Atelier dann zu feineren\u00a0Pigmenten verarbeitet.<\/p>\n\n\t\t<style type=\"text\/css\">\n\t\t\t#gallery-2 {\n\t\t\t\tmargin: auto;\n\t\t\t}\n\t\t\t#gallery-2 .gallery-item {\n\t\t\t\tfloat: left;\n\t\t\t\tmargin-top: 10px;\n\t\t\t\ttext-align: center;\n\t\t\t\twidth: 33%;\n\t\t\t}\n\t\t\t#gallery-2 img {\n\t\t\t\tborder: 2px solid #cfcfcf;\n\t\t\t}\n\t\t\t#gallery-2 .gallery-caption {\n\t\t\t\tmargin-left: 0;\n\t\t\t}\n\t\t\t\/* see gallery_shortcode() in wp-includes\/media.php *\/\n\t\t<\/style>\n\t\t<div id='gallery-2' class='gallery galleryid-2840 gallery-columns-3 gallery-size-thumbnail'><dl class='gallery-item'>\n\t\t\t<dt class='gallery-icon landscape'>\n\t\t\t\t<a href='https:\/\/ros.a-rt.ch\/wp-content\/uploads\/2015\/03\/PICT0006.jpg'><img loading=\"lazy\" decoding=\"async\" width=\"150\" height=\"150\" src=\"https:\/\/ros.a-rt.ch\/wp-content\/uploads\/2015\/03\/PICT0006-150x150.jpg\" class=\"attachment-thumbnail size-thumbnail\" alt=\"\" \/><\/a>\n\t\t\t<\/dt><\/dl><dl class='gallery-item'>\n\t\t\t<dt class='gallery-icon landscape'>\n\t\t\t\t<a href='https:\/\/ros.a-rt.ch\/wp-content\/uploads\/2015\/03\/PICT0008.jpg'><img loading=\"lazy\" decoding=\"async\" width=\"150\" height=\"150\" src=\"https:\/\/ros.a-rt.ch\/wp-content\/uploads\/2015\/03\/PICT0008-150x150.jpg\" class=\"attachment-thumbnail size-thumbnail\" alt=\"\" \/><\/a>\n\t\t\t<\/dt><\/dl><dl class='gallery-item'>\n\t\t\t<dt class='gallery-icon landscape'>\n\t\t\t\t<a href='https:\/\/ros.a-rt.ch\/wp-content\/uploads\/2015\/03\/PICT0009.jpg'><img loading=\"lazy\" decoding=\"async\" width=\"150\" height=\"150\" src=\"https:\/\/ros.a-rt.ch\/wp-content\/uploads\/2015\/03\/PICT0009-150x150.jpg\" class=\"attachment-thumbnail size-thumbnail\" alt=\"\" \/><\/a>\n\t\t\t<\/dt><\/dl><br style=\"clear: both\" \/>\n\t\t<\/div>\n\n<p>Die \u00a0Farben wahrnehmen und sie so genau als m\u00f6glich mischen.<\/p>\n<p>Welche Farbt\u00f6ne finde ich in meinem Garten an einem hellen Fr\u00fchlingstag?<\/p>\n<p>Welches Blau hat der Winterhimmel und die Schatten im Schnee?<\/p>\n<p>Wie ist das Gr\u00fcn von Lindenbl\u00fcten?<\/p>\n<p>Was unterscheidet farblich das Sommerlicht von dem des Herbstes,<\/p>\n<p>der Morgen vom Abend?<\/p>\n<p>Welche Farben hat das Feuer?<\/p>\n<p>Diese unterschiedlichen Studien verst\u00e4rken<\/p>\n<p>die Sicherheit im Umgang mit Farbharmonien und Farbkontrasten<\/p>\n<p>auch in abstrakten Bildern.<\/p>\n\n\t\t<style type=\"text\/css\">\n\t\t\t#gallery-3 {\n\t\t\t\tmargin: auto;\n\t\t\t}\n\t\t\t#gallery-3 .gallery-item {\n\t\t\t\tfloat: left;\n\t\t\t\tmargin-top: 10px;\n\t\t\t\ttext-align: center;\n\t\t\t\twidth: 33%;\n\t\t\t}\n\t\t\t#gallery-3 img {\n\t\t\t\tborder: 2px solid #cfcfcf;\n\t\t\t}\n\t\t\t#gallery-3 .gallery-caption {\n\t\t\t\tmargin-left: 0;\n\t\t\t}\n\t\t\t\/* see gallery_shortcode() in wp-includes\/media.php *\/\n\t\t<\/style>\n\t\t<div id='gallery-3' class='gallery galleryid-2840 gallery-columns-3 gallery-size-thumbnail'><dl class='gallery-item'>\n\t\t\t<dt class='gallery-icon portrait'>\n\t\t\t\t<a href='https:\/\/ros.a-rt.ch\/wp-content\/uploads\/2015\/03\/PICT0018.jpg'><img loading=\"lazy\" decoding=\"async\" width=\"150\" height=\"150\" src=\"https:\/\/ros.a-rt.ch\/wp-content\/uploads\/2015\/03\/PICT0018-150x150.jpg\" class=\"attachment-thumbnail size-thumbnail\" alt=\"\" \/><\/a>\n\t\t\t<\/dt><\/dl><dl class='gallery-item'>\n\t\t\t<dt class='gallery-icon portrait'>\n\t\t\t\t<a href='https:\/\/ros.a-rt.ch\/wp-content\/uploads\/2015\/03\/PICT0017.jpg'><img loading=\"lazy\" decoding=\"async\" width=\"150\" height=\"150\" src=\"https:\/\/ros.a-rt.ch\/wp-content\/uploads\/2015\/03\/PICT0017-150x150.jpg\" class=\"attachment-thumbnail size-thumbnail\" alt=\"\" \/><\/a>\n\t\t\t<\/dt><\/dl><dl class='gallery-item'>\n\t\t\t<dt class='gallery-icon portrait'>\n\t\t\t\t<a href='https:\/\/ros.a-rt.ch\/wp-content\/uploads\/2015\/03\/PICT0016.jpg'><img loading=\"lazy\" decoding=\"async\" width=\"150\" height=\"150\" src=\"https:\/\/ros.a-rt.ch\/wp-content\/uploads\/2015\/03\/PICT0016-150x150.jpg\" class=\"attachment-thumbnail size-thumbnail\" alt=\"\" \/><\/a>\n\t\t\t<\/dt><\/dl><br style=\"clear: both\" \/>\n\t\t<\/div>\n\n<p>Farbstimmungen am gleichen Ort,\u00a0zu verschiedenen Tageszeiten mit<\/p>\n<p>unterschiedlichem Licht und Wetter haben ebenso eine eigene Faszination.<\/p>\n<p>Ver\u00e4nderungen inspirieren und halten in Bewegung.<\/p>\n<p>Ich liebe Farben sehr und k\u00f6nnte viel erz\u00e4hlen \u00fcber<\/p>\n<p>Rot und Blau und Gelb; \u00fcber Mischt\u00f6ne und Nuancen\u2026<\/p>\n<p>Das w\u00e4ren aber andere Geschichten,<\/p>\n<p>die ihnen Farben auch selber erz\u00e4hlen k\u00f6nnen,<\/p>\n<p>wenn Sie sich Zeit nehmen, um zuzuh\u00f6ren.<\/p>\n","protected":false},"excerpt":{"rendered":"<p>Farben und ihre Wirkung sind ganz zentral f\u00fcr die Ausdruckskraft eines Bildes. Deshalb ist\u00a0das &#8222;Sammeln&#8220; von Farben eine wiederkehrende Besch\u00e4ftigung. Neben Da-sein und Wahrnehmen und Staunen, gibt es die aktivere Form dieses Sammelns: Eine Gegend erkunden, auf einer Reise eine Landschaft erfassen, indem ich Erde, Steine, Sand suche. Erde und Sand lassen sich\u00a0mit Bindemittel im <a class=\"more-link\" href=\"https:\/\/ros.a-rt.ch\/?p=2840\">Weiterlesen&#8230;<\/a><\/p>\n","protected":false},"author":3,"featured_media":0,"comment_status":"closed","ping_status":"closed","sticky":false,"template":"","format":"standard","meta":{"footnotes":""},"categories":[37],"tags":[],"class_list":["post-2840","post","type-post","status-publish","format-standard","hentry","category-aktuelles"],"_links":{"self":[{"href":"https:\/\/ros.a-rt.ch\/index.php?rest_route=\/wp\/v2\/posts\/2840","targetHints":{"allow":["GET"]}}],"collection":[{"href":"https:\/\/ros.a-rt.ch\/index.php?rest_route=\/wp\/v2\/posts"}],"about":[{"href":"https:\/\/ros.a-rt.ch\/index.php?rest_route=\/wp\/v2\/types\/post"}],"author":[{"embeddable":true,"href":"https:\/\/ros.a-rt.ch\/index.php?rest_route=\/wp\/v2\/users\/3"}],"replies":[{"embeddable":true,"href":"https:\/\/ros.a-rt.ch\/index.php?rest_route=%2Fwp%2Fv2%2Fcomments&post=2840"}],"version-history":[{"count":5,"href":"https:\/\/ros.a-rt.ch\/index.php?rest_route=\/wp\/v2\/posts\/2840\/revisions"}],"predecessor-version":[{"id":4332,"href":"https:\/\/ros.a-rt.ch\/index.php?rest_route=\/wp\/v2\/posts\/2840\/revisions\/4332"}],"wp:attachment":[{"href":"https:\/\/ros.a-rt.ch\/index.php?rest_route=%2Fwp%2Fv2%2Fmedia&parent=2840"}],"wp:term":[{"taxonomy":"category","embeddable":true,"href":"https:\/\/ros.a-rt.ch\/index.php?rest_route=%2Fwp%2Fv2%2Fcategories&post=2840"},{"taxonomy":"post_tag","embeddable":true,"href":"https:\/\/ros.a-rt.ch\/index.php?rest_route=%2Fwp%2Fv2%2Ftags&post=2840"}],"curies":[{"name":"wp","href":"https:\/\/api.w.org\/{rel}","templated":true}]}}