{"id":3202,"date":"2015-11-04T17:39:21","date_gmt":"2015-11-04T16:39:21","guid":{"rendered":"https:\/\/ros.a-rt.ch\/?p=3202"},"modified":"2020-07-18T18:56:08","modified_gmt":"2020-07-18T17:56:08","slug":"zwischenzeit","status":"publish","type":"post","link":"https:\/\/ros.a-rt.ch\/?p=3202","title":{"rendered":"Zwischenzeit"},"content":{"rendered":"<p>Die Sommerprojekte sind beendet.<\/p>\n<p>Bilder und Objekte aus der Ausstellung amORT und vom MECH.WERK.<\/p>\n<p>sind abger\u00e4umt.<\/p>\n<p>Die Arbeit an verschiedenen Orten und R\u00e4umen hat Impulse gegeben,<\/p>\n<p>von denen einige weiter verfolgt werden wollen.<\/p>\n<p>Goldene Herbsttage und l\u00e4nger werdende N\u00e4chte<\/p>\n<p>verlangsamen das Lebenstempo ein wenig.<\/p>\n<p>Es ist also die beste Gelegenheit f\u00fcr einen Zwischenhalt.<\/p>\n<p>Aufr\u00e4umen, Ideen sammeln und ordnen,<\/p>\n<p>mich neu anregen lassen von zugefallenen Sch\u00f6nheiten des Alltags:<\/p>\n<p>&nbsp;<\/p>\n\n\t\t<style type=\"text\/css\">\n\t\t\t#gallery-1 {\n\t\t\t\tmargin: auto;\n\t\t\t}\n\t\t\t#gallery-1 .gallery-item {\n\t\t\t\tfloat: left;\n\t\t\t\tmargin-top: 10px;\n\t\t\t\ttext-align: center;\n\t\t\t\twidth: 33%;\n\t\t\t}\n\t\t\t#gallery-1 img {\n\t\t\t\tborder: 2px solid #cfcfcf;\n\t\t\t}\n\t\t\t#gallery-1 .gallery-caption {\n\t\t\t\tmargin-left: 0;\n\t\t\t}\n\t\t\t\/* see gallery_shortcode() in wp-includes\/media.php *\/\n\t\t<\/style>\n\t\t<div id='gallery-1' class='gallery galleryid-3202 gallery-columns-3 gallery-size-thumbnail'><dl class='gallery-item'>\n\t\t\t<dt class='gallery-icon landscape'>\n\t\t\t\t<a href='https:\/\/ros.a-rt.ch\/wp-content\/uploads\/2015\/11\/PICT0006.jpg'><img loading=\"lazy\" decoding=\"async\" width=\"150\" height=\"150\" src=\"https:\/\/ros.a-rt.ch\/wp-content\/uploads\/2015\/11\/PICT0006-150x150.jpg\" class=\"attachment-thumbnail size-thumbnail\" alt=\"\" \/><\/a>\n\t\t\t<\/dt><\/dl><dl class='gallery-item'>\n\t\t\t<dt class='gallery-icon landscape'>\n\t\t\t\t<a href='https:\/\/ros.a-rt.ch\/wp-content\/uploads\/2015\/11\/PICT0010.jpg'><img loading=\"lazy\" decoding=\"async\" width=\"150\" height=\"150\" src=\"https:\/\/ros.a-rt.ch\/wp-content\/uploads\/2015\/11\/PICT0010-150x150.jpg\" class=\"attachment-thumbnail size-thumbnail\" alt=\"\" \/><\/a>\n\t\t\t<\/dt><\/dl><dl class='gallery-item'>\n\t\t\t<dt class='gallery-icon landscape'>\n\t\t\t\t<a href='https:\/\/ros.a-rt.ch\/wp-content\/uploads\/2015\/11\/PICT0003-1.jpg'><img loading=\"lazy\" decoding=\"async\" width=\"150\" height=\"150\" src=\"https:\/\/ros.a-rt.ch\/wp-content\/uploads\/2015\/11\/PICT0003-1-150x150.jpg\" class=\"attachment-thumbnail size-thumbnail\" alt=\"\" \/><\/a>\n\t\t\t<\/dt><\/dl><br style=\"clear: both\" \/>\n\t\t<\/div>\n\n<p>&nbsp;<\/p>\n<p>In dieser Zwischenzeit mache ich mir auch Gedanken dar\u00fcber,<\/p>\n<p>wie denn das Wahrnehmen an diesen Orten und in den R\u00e4umen geschieht<\/p>\n<p>und realisiere, dass Leben mit seinen Bez\u00fcgen zu Umwelt und anderen Menschen<\/p>\n<p>\u00fcber die Sinne, durch unsere Sinnlichkeit m\u00f6glich ist.<\/p>\n<p>Mit ein paar Skizzen gebe ich Ihnen Einblick,<\/p>\n<p>wie sich so &nbsp;Gedanken entwickeln k\u00f6nnen.<\/p>\n<p>&nbsp;<\/p>\n\n\t\t<style type=\"text\/css\">\n\t\t\t#gallery-2 {\n\t\t\t\tmargin: auto;\n\t\t\t}\n\t\t\t#gallery-2 .gallery-item {\n\t\t\t\tfloat: left;\n\t\t\t\tmargin-top: 10px;\n\t\t\t\ttext-align: center;\n\t\t\t\twidth: 33%;\n\t\t\t}\n\t\t\t#gallery-2 img {\n\t\t\t\tborder: 2px solid #cfcfcf;\n\t\t\t}\n\t\t\t#gallery-2 .gallery-caption {\n\t\t\t\tmargin-left: 0;\n\t\t\t}\n\t\t\t\/* see gallery_shortcode() in wp-includes\/media.php *\/\n\t\t<\/style>\n\t\t<div id='gallery-2' class='gallery galleryid-3202 gallery-columns-3 gallery-size-thumbnail'><dl class='gallery-item'>\n\t\t\t<dt class='gallery-icon portrait'>\n\t\t\t\t<a href='https:\/\/ros.a-rt.ch\/wp-content\/uploads\/2015\/11\/PICT0028.jpg'><img loading=\"lazy\" decoding=\"async\" width=\"150\" height=\"150\" src=\"https:\/\/ros.a-rt.ch\/wp-content\/uploads\/2015\/11\/PICT0028-150x150.jpg\" class=\"attachment-thumbnail size-thumbnail\" alt=\"\" \/><\/a>\n\t\t\t<\/dt><\/dl><dl class='gallery-item'>\n\t\t\t<dt class='gallery-icon landscape'>\n\t\t\t\t<a href='https:\/\/ros.a-rt.ch\/wp-content\/uploads\/2015\/11\/PICT0022.jpg'><img loading=\"lazy\" decoding=\"async\" width=\"150\" height=\"150\" src=\"https:\/\/ros.a-rt.ch\/wp-content\/uploads\/2015\/11\/PICT0022-150x150.jpg\" class=\"attachment-thumbnail size-thumbnail\" alt=\"\" \/><\/a>\n\t\t\t<\/dt><\/dl><dl class='gallery-item'>\n\t\t\t<dt class='gallery-icon portrait'>\n\t\t\t\t<a href='https:\/\/ros.a-rt.ch\/wp-content\/uploads\/2015\/11\/PICT0020.jpg'><img loading=\"lazy\" decoding=\"async\" width=\"150\" height=\"150\" src=\"https:\/\/ros.a-rt.ch\/wp-content\/uploads\/2015\/11\/PICT0020-150x150.jpg\" class=\"attachment-thumbnail size-thumbnail\" alt=\"\" \/><\/a>\n\t\t\t<\/dt><\/dl><br style=\"clear: both\" \/>\n\t\t<\/div>\n\n<p>&nbsp;<\/p>\n<p>&nbsp;<\/p>\n<p>&nbsp;<\/p>\n","protected":false},"excerpt":{"rendered":"<p>Die Sommerprojekte sind beendet. Bilder und Objekte aus der Ausstellung amORT und vom MECH.WERK. sind abger\u00e4umt. Die Arbeit an verschiedenen Orten und R\u00e4umen hat Impulse gegeben, von denen einige weiter verfolgt werden wollen. Goldene Herbsttage und l\u00e4nger werdende N\u00e4chte verlangsamen das Lebenstempo ein wenig. Es ist also die beste Gelegenheit f\u00fcr einen Zwischenhalt. Aufr\u00e4umen, Ideen <a class=\"more-link\" href=\"https:\/\/ros.a-rt.ch\/?p=3202\">Weiterlesen&#8230;<\/a><\/p>\n","protected":false},"author":3,"featured_media":0,"comment_status":"closed","ping_status":"closed","sticky":false,"template":"","format":"standard","meta":{"footnotes":""},"categories":[37],"tags":[],"class_list":["post-3202","post","type-post","status-publish","format-standard","hentry","category-aktuelles"],"_links":{"self":[{"href":"https:\/\/ros.a-rt.ch\/index.php?rest_route=\/wp\/v2\/posts\/3202","targetHints":{"allow":["GET"]}}],"collection":[{"href":"https:\/\/ros.a-rt.ch\/index.php?rest_route=\/wp\/v2\/posts"}],"about":[{"href":"https:\/\/ros.a-rt.ch\/index.php?rest_route=\/wp\/v2\/types\/post"}],"author":[{"embeddable":true,"href":"https:\/\/ros.a-rt.ch\/index.php?rest_route=\/wp\/v2\/users\/3"}],"replies":[{"embeddable":true,"href":"https:\/\/ros.a-rt.ch\/index.php?rest_route=%2Fwp%2Fv2%2Fcomments&post=3202"}],"version-history":[{"count":5,"href":"https:\/\/ros.a-rt.ch\/index.php?rest_route=\/wp\/v2\/posts\/3202\/revisions"}],"predecessor-version":[{"id":4362,"href":"https:\/\/ros.a-rt.ch\/index.php?rest_route=\/wp\/v2\/posts\/3202\/revisions\/4362"}],"wp:attachment":[{"href":"https:\/\/ros.a-rt.ch\/index.php?rest_route=%2Fwp%2Fv2%2Fmedia&parent=3202"}],"wp:term":[{"taxonomy":"category","embeddable":true,"href":"https:\/\/ros.a-rt.ch\/index.php?rest_route=%2Fwp%2Fv2%2Fcategories&post=3202"},{"taxonomy":"post_tag","embeddable":true,"href":"https:\/\/ros.a-rt.ch\/index.php?rest_route=%2Fwp%2Fv2%2Ftags&post=3202"}],"curies":[{"name":"wp","href":"https:\/\/api.w.org\/{rel}","templated":true}]}}